{"id":198991,"date":"2023-07-24T06:16:15","date_gmt":"2023-07-24T04:16:15","guid":{"rendered":"https:\/\/www.radio-rum.de\/web\/?p=198991"},"modified":"2023-07-24T06:18:44","modified_gmt":"2023-07-24T04:18:44","slug":"seit-dem-1-maerz-auch-im-digitalradio-dab","status":"publish","type":"post","link":"https:\/\/www.radio-rum.de\/web\/seit-dem-1-maerz-auch-im-digitalradio-dab\/","title":{"rendered":"Seit dem 1. M\u00e4rz auch im Digitalradio DAB+"},"content":{"rendered":"<p><img loading=\"lazy\" decoding=\"async\" class=\"aligncenter size-full wp-image-199001\" src=\"https:\/\/www.radio-rum.de\/web\/wp-content\/uploads\/2023\/07\/IMG_5320-1024x768-1.jpg\" alt=\"\" width=\"1024\" height=\"768\" srcset=\"https:\/\/www.radio-rum.de\/web\/wp-content\/uploads\/2023\/07\/IMG_5320-1024x768-1.jpg 1024w, https:\/\/www.radio-rum.de\/web\/wp-content\/uploads\/2023\/07\/IMG_5320-1024x768-1-300x225.jpg 300w, https:\/\/www.radio-rum.de\/web\/wp-content\/uploads\/2023\/07\/IMG_5320-1024x768-1-768x576.jpg 768w, https:\/\/www.radio-rum.de\/web\/wp-content\/uploads\/2023\/07\/IMG_5320-1024x768-1-750x563.jpg 750w\" sizes=\"auto, (max-width: 1024px) 100vw, 1024px\" \/>Seit dem 1. M\u00e4rz 2023 sind wir auch im neuen Digitalradio (DAB+) zu empfangen. <strong>Ihr m\u00fcsst dazu nur einen neuen Suchlauf an eurem Radio machen.<\/strong> Das Empfangsgebiet beschr\u00e4nkt sich auf die n\u00f6rdliche H\u00e4lfte von Hessen, von Gie\u00dfen bis Kassel, von Haiger bis Fulda. Dadurch k\u00f6nnt ihr uns jetzt nicht nur in einem gr\u00f6\u00dferem Empfangsbereich h\u00f6ren, die Audioqualit\u00e4t wird auch deutlich besser!<\/p>\n<div id=\"attachment_182391\" style=\"width: 556px\" class=\"wp-caption aligncenter\"><img loading=\"lazy\" decoding=\"async\" aria-describedby=\"caption-attachment-182391\" class=\"size-full wp-image-182391\" src=\"https:\/\/www.radio-rum.de\/web\/wp-content\/uploads\/2023\/07\/sendernetz-1.png\" alt=\"\" width=\"556\" height=\"660\" srcset=\"https:\/\/www.radio-rum.de\/web\/wp-content\/uploads\/2023\/07\/sendernetz-1.png 556w, https:\/\/www.radio-rum.de\/web\/wp-content\/uploads\/2023\/07\/sendernetz-1-253x300.png 253w\" sizes=\"auto, (max-width: 556px) 100vw, 556px\" \/><p id=\"caption-attachment-182391\" class=\"wp-caption-text\">Im hellblau markierten Gebiet kann Radio Unerh\u00f6rt Marburg empfangen werden.<\/p><\/div>\n","protected":false},"excerpt":{"rendered":"<p>Seit dem 1. M\u00e4rz 2023 sind wir auch im neuen Digitalradio (DAB+) zu empfangen. Ihr m\u00fcsst dazu nur einen neuen Suchlauf an eurem Radio machen. Das Empfangsgebiet beschr\u00e4nkt sich auf die n\u00f6rdliche H\u00e4lfte von Hessen, von Gie\u00dfen bis Kassel, von Haiger bis Fulda. Dadurch k\u00f6nnt ihr uns jetzt nicht nur in einem gr\u00f6\u00dferem Empfangsbereich h\u00f6ren, &hellip; <\/p>\n<p><a class=\"more-link btn\" href=\"https:\/\/www.radio-rum.de\/web\/seit-dem-1-maerz-auch-im-digitalradio-dab\/\">Weiterlesen<\/a><\/p>\n","protected":false},"author":1,"featured_media":0,"comment_status":"open","ping_status":"open","sticky":false,"template":"","format":"standard","meta":{"footnotes":""},"categories":[11941],"tags":[],"class_list":["post-198991","post","type-post","status-publish","format-standard","hentry","category-aktuelles","nodate","item-wrap"],"publishpress_future_action":{"enabled":false,"date":"2026-05-09 10:26:38","action":"change-status","newStatus":"draft","terms":[],"taxonomy":"category","extraData":[]},"publishpress_future_workflow_manual_trigger":{"enabledWorkflows":[]},"_links":{"self":[{"href":"https:\/\/www.radio-rum.de\/web\/wp-json\/wp\/v2\/posts\/198991","targetHints":{"allow":["GET"]}}],"collection":[{"href":"https:\/\/www.radio-rum.de\/web\/wp-json\/wp\/v2\/posts"}],"about":[{"href":"https:\/\/www.radio-rum.de\/web\/wp-json\/wp\/v2\/types\/post"}],"author":[{"embeddable":true,"href":"https:\/\/www.radio-rum.de\/web\/wp-json\/wp\/v2\/users\/1"}],"replies":[{"embeddable":true,"href":"https:\/\/www.radio-rum.de\/web\/wp-json\/wp\/v2\/comments?post=198991"}],"version-history":[{"count":1,"href":"https:\/\/www.radio-rum.de\/web\/wp-json\/wp\/v2\/posts\/198991\/revisions"}],"predecessor-version":[{"id":199011,"href":"https:\/\/www.radio-rum.de\/web\/wp-json\/wp\/v2\/posts\/198991\/revisions\/199011"}],"wp:attachment":[{"href":"https:\/\/www.radio-rum.de\/web\/wp-json\/wp\/v2\/media?parent=198991"}],"wp:term":[{"taxonomy":"category","embeddable":true,"href":"https:\/\/www.radio-rum.de\/web\/wp-json\/wp\/v2\/categories?post=198991"},{"taxonomy":"post_tag","embeddable":true,"href":"https:\/\/www.radio-rum.de\/web\/wp-json\/wp\/v2\/tags?post=198991"}],"curies":[{"name":"wp","href":"https:\/\/api.w.org\/{rel}","templated":true}]}}