{"id":256301,"date":"2026-03-11T18:25:16","date_gmt":"2026-03-11T17:25:16","guid":{"rendered":"https:\/\/www.radio-rum.de\/web\/?p=256301"},"modified":"2026-03-11T18:30:41","modified_gmt":"2026-03-11T17:30:41","slug":"maerz-programmheft","status":"publish","type":"post","link":"https:\/\/www.radio-rum.de\/web\/maerz-programmheft\/","title":{"rendered":"M\u00e4rz Programmheft"},"content":{"rendered":"<p>Liebe Leser*innen, H\u00f6rer*innen und Sendungsmachende,<\/p>\n<p>der M\u00e4rz ist endlich da!<br \/>\nGenauso ist die langersehnte Sonne. Der M\u00e4rz bringt neben dem Fr\u00fchling noch weitere Neuanf\u00e4nge:<br \/>\nAuch noch heute ist viel zu schaffen. Am 08.03 ist internationaler feministischer Kampftag.<\/p>\n<p>Auch in Marburg finden an diesem Tag verschiedene, zahlreiche Veranstaltungen statt. RUM streamt von 12-22 Uhr ein mehrsprachiges feministisches Programm von Radio Corax. Wenn ihr nach den Demos also noch Zeit habt, schaltet doch mal ein!<\/p>\n<p>Noch dazu sind am 15.03 hessische Kommmunalwahlen. Es kommen also einige M\u00f6glichkeiten sich zu beteiligen und f\u00fcr die Demonkratie in unserem Land einzusetzen!<\/p>\n<p>Hier aber das komplette Programm f\u00fcr den bevorstehenden Monat.<img loading=\"lazy\" decoding=\"async\" class=\"alignnone size-full wp-image-256311\" src=\"https:\/\/www.radio-rum.de\/web\/wp-content\/uploads\/2026\/03\/Rahmen-Programmheft.jpg\" alt=\"\" width=\"3556\" height=\"5008\" srcset=\"https:\/\/www.radio-rum.de\/web\/wp-content\/uploads\/2026\/03\/Rahmen-Programmheft.jpg 3556w, https:\/\/www.radio-rum.de\/web\/wp-content\/uploads\/2026\/03\/Rahmen-Programmheft-213x300.jpg 213w, https:\/\/www.radio-rum.de\/web\/wp-content\/uploads\/2026\/03\/Rahmen-Programmheft-727x1024.jpg 727w, https:\/\/www.radio-rum.de\/web\/wp-content\/uploads\/2026\/03\/Rahmen-Programmheft-768x1082.jpg 768w, https:\/\/www.radio-rum.de\/web\/wp-content\/uploads\/2026\/03\/Rahmen-Programmheft-1091x1536.jpg 1091w, https:\/\/www.radio-rum.de\/web\/wp-content\/uploads\/2026\/03\/Rahmen-Programmheft-1454x2048.jpg 1454w, https:\/\/www.radio-rum.de\/web\/wp-content\/uploads\/2026\/03\/Rahmen-Programmheft-750x1056.jpg 750w\" sizes=\"auto, (max-width: 3556px) 100vw, 3556px\" \/> <img loading=\"lazy\" decoding=\"async\" class=\"alignnone size-full wp-image-256321\" src=\"https:\/\/www.radio-rum.de\/web\/wp-content\/uploads\/2026\/03\/Seite-2-Maerz.jpg\" alt=\"\" width=\"5008\" height=\"3556\" srcset=\"https:\/\/www.radio-rum.de\/web\/wp-content\/uploads\/2026\/03\/Seite-2-Maerz.jpg 5008w, https:\/\/www.radio-rum.de\/web\/wp-content\/uploads\/2026\/03\/Seite-2-Maerz-300x213.jpg 300w, https:\/\/www.radio-rum.de\/web\/wp-content\/uploads\/2026\/03\/Seite-2-Maerz-1024x727.jpg 1024w, https:\/\/www.radio-rum.de\/web\/wp-content\/uploads\/2026\/03\/Seite-2-Maerz-768x545.jpg 768w, https:\/\/www.radio-rum.de\/web\/wp-content\/uploads\/2026\/03\/Seite-2-Maerz-1536x1091.jpg 1536w, https:\/\/www.radio-rum.de\/web\/wp-content\/uploads\/2026\/03\/Seite-2-Maerz-2048x1454.jpg 2048w, https:\/\/www.radio-rum.de\/web\/wp-content\/uploads\/2026\/03\/Seite-2-Maerz-750x533.jpg 750w\" sizes=\"auto, (max-width: 5008px) 100vw, 5008px\" \/><\/p>\n","protected":false},"excerpt":{"rendered":"<p>Liebe Leser*innen, H\u00f6rer*innen und Sendungsmachende, der M\u00e4rz ist endlich da! Genauso ist die langersehnte Sonne. Der M\u00e4rz bringt neben dem Fr\u00fchling noch weitere Neuanf\u00e4nge: Auch noch heute ist viel zu schaffen. Am 08.03 ist internationaler feministischer Kampftag. Auch in Marburg finden an diesem Tag verschiedene, zahlreiche Veranstaltungen statt. RUM streamt von 12-22 Uhr ein mehrsprachiges &hellip; <\/p>\n<p><a class=\"more-link btn\" href=\"https:\/\/www.radio-rum.de\/web\/maerz-programmheft\/\">Weiterlesen<\/a><\/p>\n","protected":false},"author":111,"featured_media":0,"comment_status":"open","ping_status":"open","sticky":false,"template":"","format":"standard","meta":{"footnotes":""},"categories":[1,11641],"tags":[],"class_list":["post-256301","post","type-post","status-publish","format-standard","hentry","category-allgemein","category-startseite","nodate","item-wrap"],"publishpress_future_action":{"enabled":false,"date":"2026-05-03 15:52:50","action":"change-status","newStatus":"draft","terms":[],"taxonomy":"category","extraData":[]},"publishpress_future_workflow_manual_trigger":{"enabledWorkflows":[]},"_links":{"self":[{"href":"https:\/\/www.radio-rum.de\/web\/wp-json\/wp\/v2\/posts\/256301","targetHints":{"allow":["GET"]}}],"collection":[{"href":"https:\/\/www.radio-rum.de\/web\/wp-json\/wp\/v2\/posts"}],"about":[{"href":"https:\/\/www.radio-rum.de\/web\/wp-json\/wp\/v2\/types\/post"}],"author":[{"embeddable":true,"href":"https:\/\/www.radio-rum.de\/web\/wp-json\/wp\/v2\/users\/111"}],"replies":[{"embeddable":true,"href":"https:\/\/www.radio-rum.de\/web\/wp-json\/wp\/v2\/comments?post=256301"}],"version-history":[{"count":1,"href":"https:\/\/www.radio-rum.de\/web\/wp-json\/wp\/v2\/posts\/256301\/revisions"}],"predecessor-version":[{"id":256331,"href":"https:\/\/www.radio-rum.de\/web\/wp-json\/wp\/v2\/posts\/256301\/revisions\/256331"}],"wp:attachment":[{"href":"https:\/\/www.radio-rum.de\/web\/wp-json\/wp\/v2\/media?parent=256301"}],"wp:term":[{"taxonomy":"category","embeddable":true,"href":"https:\/\/www.radio-rum.de\/web\/wp-json\/wp\/v2\/categories?post=256301"},{"taxonomy":"post_tag","embeddable":true,"href":"https:\/\/www.radio-rum.de\/web\/wp-json\/wp\/v2\/tags?post=256301"}],"curies":[{"name":"wp","href":"https:\/\/api.w.org\/{rel}","templated":true}]}}